{"id":305,"date":"2013-05-26T15:32:47","date_gmt":"2013-05-26T13:32:47","guid":{"rendered":"http:\/\/coutancestriathlon.fr\/wp\/?p=305"},"modified":"2013-09-03T15:43:10","modified_gmt":"2013-09-03T13:43:10","slug":"triathlon-du-pays-de-rance-dinan","status":"publish","type":"post","link":"http:\/\/coutancestriathlon.fr\/wp\/triathlon-du-pays-de-rance-dinan\/","title":{"rendered":"Triathlon du Pays de Rance Dinan"},"content":{"rendered":"<p><span style=\"font-family: Arial; font-size: medium;\">Ce dimanche 26 mai, les triathl\u00e8tes coutan\u00e7ais se sont d\u00e9plac\u00e9s au nombre de cinq dans les C\u00f4tes d\u2019Armor\u00a0\u00a0pour participer au Triathlon du Pays de Rance (Dinan) sur le formidable site de Taden. Ils se sont align\u00e9s sur le format M nouvelle appelation du courte distance\u00a0\u00a0(1,5km de natation, 40km de v\u00e9lo, 10km de course \u00e0 pied).<\/span><\/p>\n<p><span style=\"font-family: Arial; font-size: medium;\">\u00a0A 14h30, les cinq \u00ab\u00a0orange\u00a0\u00bb au milieu des 100 autres concurrents en lice ont pris le d\u00e9part sous le soleil radieux enfin dans une eau un peu fra\u00eeche (14-15\u00b0C).\u00a0\u00a0La\u00a0\u00a0victoire chez les hommes est revenue au jeune Aymeric Rehel du club de Cesson \u2013S\u00e9vign\u00e9 qui s\u2019impose en 2h10mn38s. Les deux premiers \u201corange\u201d\u00a0<b>St\u00e9phane Girard qui monte sur la 3<sup>\u00e8me<\/sup>\u00a0marche du podium v\u00e9t\u00e9ran (2h25mn28s)<\/b>\u00a0et Fr\u00e9d\u00e9ric Auvray (2h25mn53s)\u00a0\u00a0apr\u00e8s une lutte acharn\u00e9e terminaient \u00e0 une respectable 14\u00e8me et 15<sup>\u00e8me<\/sup>\u00a0place, puis Laurent P\u00e9rez (47\u00e8me, 2h43mn09s) et Richard Vivien bouclaient leur premier triathlon de la saison.<\/span><\/p>\n<p><span style=\"font-family: Arial; font-size: medium;\">Chez les f\u00e9minines tr\u00e8s belle\u00a0<b>victoire de Sarah Vivien<\/b>\u00a0en 2h40mn01s apr\u00e8s une superbe remont\u00e9e \u00e0 v\u00e9lo.\u00a0\u00a0<\/span><\/p>\n<p><span style=\"font-family: 'Times New Roman', Times;\">Les r\u00e9sultats\u00a0<a href=\"http:\/\/coutancestriathlon.fr\/saison%202012-2013\/tridinan\/resultats_triathlonM-DINAN-2013.pdf\" target=\"_blank\"><span style=\"font-size: x-large;\">ICI<\/span><\/a><\/span><\/p>\n<p>Toutes les photos\u00a0<span style=\"font-size: x-large;\"><a href=\"https:\/\/plus.google.com\/photos\/118304413662242795906\/albums\/5882389452035058225?authkey=CMHYvOfP9Kijew\" target=\"_blank\">ICI<\/a><\/span><\/p>\n<p><a href=\"http:\/\/coutancestriathlon.fr\/wp\/wp-content\/uploads\/2013\/09\/P1010927.jpg\"><img loading=\"lazy\" decoding=\"async\" class=\"alignnone size-thumbnail wp-image-306\" alt=\"P1010927\" src=\"http:\/\/coutancestriathlon.fr\/wp\/wp-content\/uploads\/2013\/09\/P1010927-150x150.jpg\" width=\"150\" height=\"150\" srcset=\"http:\/\/coutancestriathlon.fr\/wp\/wp-content\/uploads\/2013\/09\/P1010927-150x150.jpg 150w, http:\/\/coutancestriathlon.fr\/wp\/wp-content\/uploads\/2013\/09\/P1010927-432x432.jpg 432w, http:\/\/coutancestriathlon.fr\/wp\/wp-content\/uploads\/2013\/09\/P1010927-268x268.jpg 268w\" sizes=\"auto, (max-width: 150px) 100vw, 150px\" \/><\/a> <a href=\"http:\/\/coutancestriathlon.fr\/wp\/wp-content\/uploads\/2013\/09\/P1010924.jpg\"><img loading=\"lazy\" decoding=\"async\" class=\"alignnone size-thumbnail wp-image-307\" alt=\"P1010924\" src=\"http:\/\/coutancestriathlon.fr\/wp\/wp-content\/uploads\/2013\/09\/P1010924-150x150.jpg\" width=\"150\" height=\"150\" srcset=\"http:\/\/coutancestriathlon.fr\/wp\/wp-content\/uploads\/2013\/09\/P1010924-150x150.jpg 150w, http:\/\/coutancestriathlon.fr\/wp\/wp-content\/uploads\/2013\/09\/P1010924-432x432.jpg 432w, http:\/\/coutancestriathlon.fr\/wp\/wp-content\/uploads\/2013\/09\/P1010924-268x268.jpg 268w\" sizes=\"auto, (max-width: 150px) 100vw, 150px\" \/><\/a> <a href=\"http:\/\/coutancestriathlon.fr\/wp\/wp-content\/uploads\/2013\/09\/P1040364.jpg\"><img loading=\"lazy\" decoding=\"async\" class=\"alignnone size-thumbnail wp-image-308\" alt=\"P1040364\" src=\"http:\/\/coutancestriathlon.fr\/wp\/wp-content\/uploads\/2013\/09\/P1040364-150x150.jpg\" width=\"150\" height=\"150\" srcset=\"http:\/\/coutancestriathlon.fr\/wp\/wp-content\/uploads\/2013\/09\/P1040364-150x150.jpg 150w, http:\/\/coutancestriathlon.fr\/wp\/wp-content\/uploads\/2013\/09\/P1040364-432x432.jpg 432w, http:\/\/coutancestriathlon.fr\/wp\/wp-content\/uploads\/2013\/09\/P1040364-268x268.jpg 268w\" sizes=\"auto, (max-width: 150px) 100vw, 150px\" \/><\/a><\/p>\n<p>&nbsp;<\/p>\n<p><iframe loading=\"lazy\" title=\"TRI DINAN RIRI TRANSITION\" width=\"660\" height=\"495\" src=\"https:\/\/www.youtube.com\/embed\/tlAg6Ny4lyo?feature=oembed\" frameborder=\"0\" allow=\"accelerometer; autoplay; clipboard-write; encrypted-media; gyroscope; picture-in-picture; web-share\" referrerpolicy=\"strict-origin-when-cross-origin\" allowfullscreen><\/iframe><\/p>\n<p><iframe loading=\"lazy\" title=\"TRI DINAN RIRI SORTIE EAU\" width=\"660\" height=\"495\" src=\"https:\/\/www.youtube.com\/embed\/HiOaBxfwC-E?feature=oembed\" frameborder=\"0\" allow=\"accelerometer; autoplay; clipboard-write; encrypted-media; gyroscope; picture-in-picture; web-share\" referrerpolicy=\"strict-origin-when-cross-origin\" allowfullscreen><\/iframe><\/p>\n","protected":false},"excerpt":{"rendered":"<p>Ce dimanche 26 mai, les triathl\u00e8tes coutan\u00e7ais se sont d\u00e9plac\u00e9s au nombre de cinq dans les C\u00f4tes d\u2019Armor\u00a0\u00a0pour participer au Triathlon du Pays de Rance (Dinan) sur le formidable site de Taden. Ils se sont align\u00e9s sur le format M nouvelle appelation du courte distance\u00a0\u00a0(1,5km de natation, 40km de v\u00e9lo, &#8230;<\/p>\n","protected":false},"author":1,"featured_media":308,"comment_status":"open","ping_status":"open","sticky":false,"template":"","format":"video","meta":{"_s2mail":"","jetpack_post_was_ever_published":false,"_jetpack_newsletter_access":"","_jetpack_dont_email_post_to_subs":false,"_jetpack_newsletter_tier_id":0,"_jetpack_memberships_contains_paywalled_content":false,"_jetpack_memberships_contains_paid_content":false,"footnotes":"","_links_to":"","_links_to_target":""},"categories":[41],"tags":[6,4],"class_list":["post-305","post","type-post","status-publish","format-video","has-post-thumbnail","hentry","category-triathlon","tag-coutances-triathlon","tag-triathlon","post_format-post-format-video","column","fourcol"],"jetpack_featured_media_url":"http:\/\/coutancestriathlon.fr\/wp\/wp-content\/uploads\/2013\/09\/P1040364.jpg","jetpack_sharing_enabled":true,"jetpack_shortlink":"https:\/\/wp.me\/p5fTkr-4V","_links":{"self":[{"href":"http:\/\/coutancestriathlon.fr\/wp\/wp-json\/wp\/v2\/posts\/305","targetHints":{"allow":["GET"]}}],"collection":[{"href":"http:\/\/coutancestriathlon.fr\/wp\/wp-json\/wp\/v2\/posts"}],"about":[{"href":"http:\/\/coutancestriathlon.fr\/wp\/wp-json\/wp\/v2\/types\/post"}],"author":[{"embeddable":true,"href":"http:\/\/coutancestriathlon.fr\/wp\/wp-json\/wp\/v2\/users\/1"}],"replies":[{"embeddable":true,"href":"http:\/\/coutancestriathlon.fr\/wp\/wp-json\/wp\/v2\/comments?post=305"}],"version-history":[{"count":1,"href":"http:\/\/coutancestriathlon.fr\/wp\/wp-json\/wp\/v2\/posts\/305\/revisions"}],"predecessor-version":[{"id":309,"href":"http:\/\/coutancestriathlon.fr\/wp\/wp-json\/wp\/v2\/posts\/305\/revisions\/309"}],"wp:featuredmedia":[{"embeddable":true,"href":"http:\/\/coutancestriathlon.fr\/wp\/wp-json\/wp\/v2\/media\/308"}],"wp:attachment":[{"href":"http:\/\/coutancestriathlon.fr\/wp\/wp-json\/wp\/v2\/media?parent=305"}],"wp:term":[{"taxonomy":"category","embeddable":true,"href":"http:\/\/coutancestriathlon.fr\/wp\/wp-json\/wp\/v2\/categories?post=305"},{"taxonomy":"post_tag","embeddable":true,"href":"http:\/\/coutancestriathlon.fr\/wp\/wp-json\/wp\/v2\/tags?post=305"}],"curies":[{"name":"wp","href":"https:\/\/api.w.org\/{rel}","templated":true}]}}