{"id":310,"date":"2013-05-12T15:51:30","date_gmt":"2013-05-12T13:51:30","guid":{"rendered":"http:\/\/coutancestriathlon.fr\/wp\/?p=310"},"modified":"2013-09-03T15:54:23","modified_gmt":"2013-09-03T13:54:23","slug":"triathlon-de-caen","status":"publish","type":"post","link":"http:\/\/coutancestriathlon.fr\/wp\/triathlon-de-caen\/","title":{"rendered":"Triathlon de Caen"},"content":{"rendered":"<p><span style=\"font-family: Arial;\">Ce dimanche 12 mai seul Fredau avait os\u00e9 se pr\u00e9sentait \u00e0 la premi\u00e8re \u00e9dition du triathlon\u00a0 de printemps de Caen sur l&#8217;\u00e9preuve M (nouvelle appellation du CD) donc 1500m de natation dans l\u2019eau douce et fra\u00eeche (13-14\u00b0C maximum) du canal de l\u2019Orne puis 44 km de v\u00e9lo avec un fort vent mais sans pluie! dans la plaine et finir par 3 tours \u00e0 pied de la prairie (soit 9 km).<\/span><\/p>\n<p><span style=\"font-family: Arial;\">Fredau prend une superbe 19\u00e8me place en 2h25&#8217;19&#8221; sur 150 concurrents. Cyrille son ancien &#8220;coll\u00e8gue&#8221; de Vire remporte la course en 2h04&#8217;22&#8221;.<\/span><\/p>\n<p><span style=\"font-family: Arial;\">Le classement\u00a0<span style=\"font-size: x-large;\"><a href=\"http:\/\/coutancestriathlon.fr\/saison%202012-2013\/triathlon%20de%20Caen\/CLASSEMENTS-TRIATHLON-DE-CAEN-MAI-2013.pdf\" target=\"_blank\">ICI<\/a><\/span><\/span><\/p>\n<p><a href=\"http:\/\/coutancestriathlon.fr\/wp\/wp-content\/uploads\/2013\/09\/fred1.jpg\"><img loading=\"lazy\" decoding=\"async\" class=\"alignnone size-thumbnail wp-image-311\" alt=\"fred\" src=\"http:\/\/coutancestriathlon.fr\/wp\/wp-content\/uploads\/2013\/09\/fred1-150x150.jpg\" width=\"150\" height=\"150\" srcset=\"http:\/\/coutancestriathlon.fr\/wp\/wp-content\/uploads\/2013\/09\/fred1-150x150.jpg 150w, http:\/\/coutancestriathlon.fr\/wp\/wp-content\/uploads\/2013\/09\/fred1-432x432.jpg 432w, http:\/\/coutancestriathlon.fr\/wp\/wp-content\/uploads\/2013\/09\/fred1-268x268.jpg 268w\" sizes=\"auto, (max-width: 150px) 100vw, 150px\" \/><\/a> <a href=\"http:\/\/coutancestriathlon.fr\/wp\/wp-content\/uploads\/2013\/09\/fredau.jpg\"><img loading=\"lazy\" decoding=\"async\" class=\"alignnone size-thumbnail wp-image-312\" alt=\"fredau\" src=\"http:\/\/coutancestriathlon.fr\/wp\/wp-content\/uploads\/2013\/09\/fredau-150x150.jpg\" width=\"150\" height=\"150\" srcset=\"http:\/\/coutancestriathlon.fr\/wp\/wp-content\/uploads\/2013\/09\/fredau-150x150.jpg 150w, http:\/\/coutancestriathlon.fr\/wp\/wp-content\/uploads\/2013\/09\/fredau-432x432.jpg 432w, http:\/\/coutancestriathlon.fr\/wp\/wp-content\/uploads\/2013\/09\/fredau-268x268.jpg 268w\" sizes=\"auto, (max-width: 150px) 100vw, 150px\" \/><\/a><\/p>\n","protected":false},"excerpt":{"rendered":"<p>Ce dimanche 12 mai seul Fredau avait os\u00e9 se pr\u00e9sentait \u00e0 la premi\u00e8re \u00e9dition du triathlon\u00a0 de printemps de Caen sur l&#8217;\u00e9preuve M (nouvelle appellation du CD) donc 1500m de natation dans l\u2019eau douce et fra\u00eeche (13-14\u00b0C maximum) du canal de l\u2019Orne puis 44 km de v\u00e9lo avec un fort &#8230;<\/p>\n","protected":false},"author":1,"featured_media":312,"comment_status":"open","ping_status":"open","sticky":false,"template":"","format":"standard","meta":{"_s2mail":"","jetpack_post_was_ever_published":false,"_jetpack_newsletter_access":"","_jetpack_dont_email_post_to_subs":false,"_jetpack_newsletter_tier_id":0,"_jetpack_memberships_contains_paywalled_content":false,"_jetpack_memberships_contains_paid_content":false,"footnotes":"","_links_to":"","_links_to_target":""},"categories":[41],"tags":[6,4],"class_list":["post-310","post","type-post","status-publish","format-standard","has-post-thumbnail","hentry","category-triathlon","tag-coutances-triathlon","tag-triathlon","column","fourcol","has-thumbnail"],"jetpack_featured_media_url":"http:\/\/coutancestriathlon.fr\/wp\/wp-content\/uploads\/2013\/09\/fredau.jpg","jetpack_sharing_enabled":true,"jetpack_shortlink":"https:\/\/wp.me\/p5fTkr-50","_links":{"self":[{"href":"http:\/\/coutancestriathlon.fr\/wp\/wp-json\/wp\/v2\/posts\/310","targetHints":{"allow":["GET"]}}],"collection":[{"href":"http:\/\/coutancestriathlon.fr\/wp\/wp-json\/wp\/v2\/posts"}],"about":[{"href":"http:\/\/coutancestriathlon.fr\/wp\/wp-json\/wp\/v2\/types\/post"}],"author":[{"embeddable":true,"href":"http:\/\/coutancestriathlon.fr\/wp\/wp-json\/wp\/v2\/users\/1"}],"replies":[{"embeddable":true,"href":"http:\/\/coutancestriathlon.fr\/wp\/wp-json\/wp\/v2\/comments?post=310"}],"version-history":[{"count":1,"href":"http:\/\/coutancestriathlon.fr\/wp\/wp-json\/wp\/v2\/posts\/310\/revisions"}],"predecessor-version":[{"id":313,"href":"http:\/\/coutancestriathlon.fr\/wp\/wp-json\/wp\/v2\/posts\/310\/revisions\/313"}],"wp:featuredmedia":[{"embeddable":true,"href":"http:\/\/coutancestriathlon.fr\/wp\/wp-json\/wp\/v2\/media\/312"}],"wp:attachment":[{"href":"http:\/\/coutancestriathlon.fr\/wp\/wp-json\/wp\/v2\/media?parent=310"}],"wp:term":[{"taxonomy":"category","embeddable":true,"href":"http:\/\/coutancestriathlon.fr\/wp\/wp-json\/wp\/v2\/categories?post=310"},{"taxonomy":"post_tag","embeddable":true,"href":"http:\/\/coutancestriathlon.fr\/wp\/wp-json\/wp\/v2\/tags?post=310"}],"curies":[{"name":"wp","href":"https:\/\/api.w.org\/{rel}","templated":true}]}}