{"id":5276,"date":"2022-10-03T11:25:00","date_gmt":"2022-10-03T09:25:00","guid":{"rendered":"http:\/\/coutancestriathlon.fr\/wp\/?p=5276"},"modified":"2022-10-03T09:26:24","modified_gmt":"2022-10-03T07:26:24","slug":"le-bayman-half-im-1er-octobre-2022","status":"publish","type":"post","link":"http:\/\/coutancestriathlon.fr\/wp\/le-bayman-half-im-1er-octobre-2022\/","title":{"rendered":"Le Bayman Half IM \u2013 1er octobre 2022"},"content":{"rendered":"\n<p>Sur le L \u00e9taient engag\u00e9s Yann et Stephane. <br>Sur le M \u00e9tait engag\u00e9 Thibaut, qui termine l&#8217;\u00e9preuve en 2h42 \u00e0 la 77e place au scratch et 19e de sa cat\u00e9gorie.<\/p>\n\n\n\n<p>Ci-dessous le CR de Yann.<\/p>\n\n\n\n<blockquote class=\"wp-block-quote is-layout-flow wp-block-quote-is-layout-flow\"><p><sub>Pour cette nouvelle \u00e9preuve, les inscriptions sont parties comme des petits pains, la com&#8217; a bien fonctionn\u00e9, il faut dire que le Mont St Michel \u00e7a parle \u00e0 tout le monde, \u00e7a a d&#8217;la gueule comme cadre pour un Tri !<\/sub><\/p><p><sub>Un peu lent \u00e0 la d\u00e9tente quand je veux m&#8217;inscrire, tout \u00e9tait d\u00e9j\u00e0 parti. Heureusement, devant ce succ\u00e8s, l&#8217;organisateur ouvre de nouvelles places sur le L (700 en tout) et je r\u00e9ussi a prendre un dossard dans les derniers, en me connectant le 2 juillet \u00e0 9h55, pour une ouverture des inscriptions \u00e0 10h ! un peu comme pour le Challenge Roth !<\/sub><\/p><p><sub>Bref, une semaine avant, on scrute la m\u00e9t\u00e9o et c&#8217;est pas joyeux, de la flotte, de la flotte, on va se faire rincer ! Entre temps nous avons re\u00e7u le guide du Triathl\u00e8te de 28 pages et plus tard le briefing de l&#8217;\u00e9preuve, \u00e7a rigole pas !<\/sub><\/p><p><sub>Retrait du Dossard le vendredi soir, sous la flotte, on r\u00e9cup\u00e8re un beau sac \u00e0 dos Bayman comme cadeau, pas mal !<\/sub><\/p><p><sub>Samedi 1er Octobre 8h, je gare ma voiture \u00e0 Beauvoir et Steph qui vient de retirer son dossard me propose de me rapprocher vu qu&#8217;il a un pass pour le parking du Mt St Michel.<\/sub><\/p><p><sub>Arriv\u00e9e au parc, marquage au marqueur et le b\u00e9n\u00e9vole me dit \u00ab faites gaffe y a plein de moustiques ! \u00bb \u00e7a loupe pas 5 minutes plus tard, piq\u00fbre ! Du coup je d\u00e9cide de mettre ma combi avant l&#8217;heure !<\/sub><\/p><p><sub>Mise \u00e0 l&#8217;eau depuis un ponton dans le Couesnon, c&#8217;est la douche froide ! On a bien vu que les participants du XXL sortaient tout bleu (apr\u00e8s plus d&#8217;1h30 pour les derniers), l&#8217;eau est annonc\u00e9e \u00e0 14,8 \u00b0C, \u00e7a pique ! Heureusement le soleil pointe le bout de ses rayons, \u00e7a r\u00e9chauffe !<\/sub><\/p><p><sub>3 Vagues, filles, natation &lt;35&#8242;, natation >35&#8242;, je pars dans la 2e, j&#8217;aurais bien tent\u00e9 la premi\u00e8re mais les filles ont des bonnets blancs (et nous des \u00ab bleus\u00bb LOL)<\/sub><\/p><p><sub>Natation, je prends l&#8217;int\u00e9rieur, le long des bou\u00e9es et la largeur du Couesnon permet de nager sans se monter dessus, pour une fois. A la sortie j&#8217;ai 2000m, j&#8217;ai fait un peu de Zig Zag et malgr\u00e9 les battements, je sens des crampes qui arrivent d\u00e9j\u00e0 avec le froid, il est temps que \u00e7a se termine.<\/sub><\/p><p><sub>Apr\u00e8s une longue transition, je prends mon temps je mets une veste, des chaussettes etc.T2 234e temps.<\/sub><\/p><p><sub>En v\u00e9lo, comme pr\u00e9vu \u00e7a souffle fort mais il ne pleut pas, et c&#8217;est un gros point positif voire inesp\u00e9r\u00e9 ! J&#8217;essaye de garder le v\u00e9lo droit sur la route mais quelquefois une rafale me fait d\u00e9vier de ma trajectoire ! Faut dire qu&#8217;avec ma roue Arri\u00e8re de 92 mm de large, \u00e7a fait un peu comme une voile !<\/sub><\/p><p><sub>Dans la c\u00f4te de Roz sur Couesnon, passage \u00e0 10% ,musique et spectateurs sont au rendez-vous, ambiance ..<\/sub><\/p><p><sub>Retour dans les polders avec la plupart du temps en vent arri\u00e8re, l&#8217;inverse aurait \u00e9t\u00e9 beaucoup plus d\u00e9licat ! C&#8217;est bien organis\u00e9 quand m\u00eame !\u00a0&#x1f604;<\/sub><\/p><p><sub>Malgr\u00e9 les menaces de crampes, je fais un bon v\u00e9lo \u00e0 200 watts de moyenne, j&#8217;ai rattrap\u00e9 plus d&#8217;une centaine de participants.<\/sub><\/p><p><sub>Arriv\u00e9e au parc, c&#8217;est la cata , je fais toutes les all\u00e9es sans trouver ma place ! Je suis perdu ! Le manque de lucidit\u00e9 se fait sentir et le fait de rentrer \u00e0 l&#8217;oppos\u00e9 de l\u00e0 o\u00f9 on est entr\u00e9 pour poser le v\u00e9lo, je jardine &#x1f630;. Au bout de plusieurs minutes, je trouve enfin le num\u00e9ro 387 ! T2 5&#8217;31 record de lenteur battu ! 543e temps !<\/sub><\/p><p><sub>J&#8217;ai bien roul\u00e9 (je visais plut\u00f4t 180 watts de moyenne) et du coup, \u00e7a crampe dans les jambes, il va falloir g\u00e9rer ! Je cours en courant sans trop d&#8217;appuis, en m&#8217;arr\u00eatant \u00e0 tout les ravitos pour boire et m&#8217;alimenter.<\/sub><\/p><p><sub>Mon fan club (mes parents et mes enfants) sont finalement l\u00e0 pour m&#8217;encourager, s&#8217;il avait plu, il ne seraient pas l\u00e0 et \u00e7a fait toujours plaisir ! La douleur est un peu moins pr\u00e9sente d&#8217;un coup !<\/sub><\/p><p><sub>Viens le moment que je redoute le plus ! la mont\u00e9e des marches dans le Mont St Michel au 2e tour ! Je ne peux pas monter ! Ischios bloqu\u00e9s ! Je fais des \u00e9tirements sur la rampe d&#8217;escalier, \u00e7a passe un peu, je monte les marches une par une, les badauds me regardent m\u00e9dus\u00e9s ! On m&#8217;encourage ! Heureusement c&#8217;est la fin et je fini le semi en 1h36, en limitant la casse, et en 5h 04&#8217;29 (90e\/634). (Avec de meilleurs transitions je passais sous les 5h !)<\/sub><\/p><p><sub>Content d&#8217;avoir participer au 1er Bayman ! Pas loin de la maison, je m&#8217;en serais voulu de louper \u00e7a !<\/sub><\/p><p><sub>Bravo \u00e0 Mathilde (6e Fille) et Stef pas loin derri\u00e8re moi, et surtout aux finishers du XL !<\/sub><\/p><p><sub>Cot\u00e9 orga, c&#8217;est tr\u00e8s pro, 500 b\u00e9n\u00e9voles, circuit v\u00e9lo de 90 km sans bagnoles, course \u00e0 pied sympa avec le Mont St Michel jamais loin et m\u00eame une incursion intra Muros, une arriv\u00e9e avec les speakers pro que l&#8217;on retrouve sur les gros Triathlons (St\u00e9phane Garcia notamment), participation de Top Triathl\u00e8tes nationaux et un bol monstre pour la m\u00e9t\u00e9o (voir les photos).<\/sub><\/p><p><sub>Buffet pour se restaurer apr\u00e8s l&#8217;arriv\u00e9e, je cherche mais je trouve pas ce qu&#8217;il faudrait changer ?<\/sub><\/p><p><sub>La<\/sub> date peut-\u00eatre ?<\/p><p>La mari\u00e9e est trop belle pour rester sans un label officiel, attendons les premi\u00e8re images de l&#8217;\u00e9preuve (l\u00e0 encore l&#8217;artillerie lourde est de sortie, cameraman pro, Drones, Photographe\/admin du site Onlinetri etc.)<\/p><p>Ca va attirer du monde l&#8217;ann\u00e9e prochaine, et pas s\u00fbr que le tarif reste \u00e0 ce prix l\u00e0.. Surtout sous un Label priv\u00e9 ?<\/p><p><a href=\"https:\/\/www.klikego.com\/resultats\/bayman-2022\/1639511970331-1\">R\u00e9sultats et classements<\/a><\/p><\/blockquote>\n\n\n\n<figure class=\"wp-block-gallery has-nested-images columns-default is-cropped wp-block-gallery-1 is-layout-flex wp-block-gallery-is-layout-flex\">\n<figure class=\"wp-block-image size-large\"><img loading=\"lazy\" decoding=\"async\" width=\"766\" height=\"1024\" data-id=\"5281\" src=\"http:\/\/coutancestriathlon.fr\/wp\/wp-content\/uploads\/2022\/10\/image00000011-766x1024.jpg\" alt=\"\" class=\"wp-image-5281\" srcset=\"http:\/\/coutancestriathlon.fr\/wp\/wp-content\/uploads\/2022\/10\/image00000011-766x1024.jpg 766w, http:\/\/coutancestriathlon.fr\/wp\/wp-content\/uploads\/2022\/10\/image00000011-150x200.jpg 150w, http:\/\/coutancestriathlon.fr\/wp\/wp-content\/uploads\/2022\/10\/image00000011-768x1027.jpg 768w, http:\/\/coutancestriathlon.fr\/wp\/wp-content\/uploads\/2022\/10\/image00000011-1149x1536.jpg 1149w, http:\/\/coutancestriathlon.fr\/wp\/wp-content\/uploads\/2022\/10\/image00000011.jpg 1532w\" sizes=\"auto, (max-width: 766px) 100vw, 766px\" \/><\/figure>\n\n\n\n<figure class=\"wp-block-image size-large\"><img loading=\"lazy\" decoding=\"async\" width=\"768\" height=\"1024\" data-id=\"5279\" src=\"http:\/\/coutancestriathlon.fr\/wp\/wp-content\/uploads\/2022\/10\/image000000111-768x1024.jpg\" alt=\"\" class=\"wp-image-5279\" srcset=\"http:\/\/coutancestriathlon.fr\/wp\/wp-content\/uploads\/2022\/10\/image000000111-768x1024.jpg 768w, http:\/\/coutancestriathlon.fr\/wp\/wp-content\/uploads\/2022\/10\/image000000111-150x200.jpg 150w, http:\/\/coutancestriathlon.fr\/wp\/wp-content\/uploads\/2022\/10\/image000000111-1152x1536.jpg 1152w, http:\/\/coutancestriathlon.fr\/wp\/wp-content\/uploads\/2022\/10\/image000000111.jpg 1500w\" sizes=\"auto, (max-width: 768px) 100vw, 768px\" \/><\/figure>\n\n\n\n<figure class=\"wp-block-image size-large\"><img loading=\"lazy\" decoding=\"async\" width=\"768\" height=\"1024\" data-id=\"5285\" src=\"http:\/\/coutancestriathlon.fr\/wp\/wp-content\/uploads\/2022\/10\/image000000112-768x1024.jpg\" alt=\"\" class=\"wp-image-5285\" srcset=\"http:\/\/coutancestriathlon.fr\/wp\/wp-content\/uploads\/2022\/10\/image000000112-768x1024.jpg 768w, http:\/\/coutancestriathlon.fr\/wp\/wp-content\/uploads\/2022\/10\/image000000112-150x200.jpg 150w, http:\/\/coutancestriathlon.fr\/wp\/wp-content\/uploads\/2022\/10\/image000000112-1152x1536.jpg 1152w, http:\/\/coutancestriathlon.fr\/wp\/wp-content\/uploads\/2022\/10\/image000000112.jpg 1500w\" sizes=\"auto, (max-width: 768px) 100vw, 768px\" \/><\/figure>\n\n\n\n<figure class=\"wp-block-image size-large\"><img loading=\"lazy\" decoding=\"async\" width=\"461\" height=\"1024\" data-id=\"5280\" src=\"http:\/\/coutancestriathlon.fr\/wp\/wp-content\/uploads\/2022\/10\/image000000113-461x1024.jpg\" alt=\"\" class=\"wp-image-5280\" srcset=\"http:\/\/coutancestriathlon.fr\/wp\/wp-content\/uploads\/2022\/10\/image000000113-461x1024.jpg 461w, http:\/\/coutancestriathlon.fr\/wp\/wp-content\/uploads\/2022\/10\/image000000113-90x200.jpg 90w, http:\/\/coutancestriathlon.fr\/wp\/wp-content\/uploads\/2022\/10\/image000000113-768x1707.jpg 768w, http:\/\/coutancestriathlon.fr\/wp\/wp-content\/uploads\/2022\/10\/image000000113-691x1536.jpg 691w, http:\/\/coutancestriathlon.fr\/wp\/wp-content\/uploads\/2022\/10\/image000000113.jpg 900w\" sizes=\"auto, (max-width: 461px) 100vw, 461px\" \/><\/figure>\n\n\n\n<figure class=\"wp-block-image size-large\"><img loading=\"lazy\" decoding=\"async\" width=\"1024\" height=\"851\" data-id=\"5282\" src=\"http:\/\/coutancestriathlon.fr\/wp\/wp-content\/uploads\/2022\/10\/image000000114-1024x851.jpg\" alt=\"\" class=\"wp-image-5282\" srcset=\"http:\/\/coutancestriathlon.fr\/wp\/wp-content\/uploads\/2022\/10\/image000000114-1024x851.jpg 1024w, http:\/\/coutancestriathlon.fr\/wp\/wp-content\/uploads\/2022\/10\/image000000114-200x166.jpg 200w, http:\/\/coutancestriathlon.fr\/wp\/wp-content\/uploads\/2022\/10\/image000000114-768x638.jpg 768w, http:\/\/coutancestriathlon.fr\/wp\/wp-content\/uploads\/2022\/10\/image000000114-1536x1277.jpg 1536w, http:\/\/coutancestriathlon.fr\/wp\/wp-content\/uploads\/2022\/10\/image000000114.jpg 2014w\" sizes=\"auto, (max-width: 1024px) 100vw, 1024px\" \/><\/figure>\n\n\n\n<figure class=\"wp-block-image size-large\"><img loading=\"lazy\" decoding=\"async\" width=\"611\" height=\"1024\" data-id=\"5284\" src=\"http:\/\/coutancestriathlon.fr\/wp\/wp-content\/uploads\/2022\/10\/image000000115-611x1024.jpg\" alt=\"\" class=\"wp-image-5284\" srcset=\"http:\/\/coutancestriathlon.fr\/wp\/wp-content\/uploads\/2022\/10\/image000000115-611x1024.jpg 611w, http:\/\/coutancestriathlon.fr\/wp\/wp-content\/uploads\/2022\/10\/image000000115-119x200.jpg 119w, http:\/\/coutancestriathlon.fr\/wp\/wp-content\/uploads\/2022\/10\/image000000115-768x1287.jpg 768w, http:\/\/coutancestriathlon.fr\/wp\/wp-content\/uploads\/2022\/10\/image000000115-917x1536.jpg 917w, http:\/\/coutancestriathlon.fr\/wp\/wp-content\/uploads\/2022\/10\/image000000115.jpg 1222w\" sizes=\"auto, (max-width: 611px) 100vw, 611px\" \/><\/figure>\n\n\n\n<figure class=\"wp-block-image size-large\"><img loading=\"lazy\" decoding=\"async\" width=\"360\" height=\"479\" data-id=\"5277\" src=\"http:\/\/coutancestriathlon.fr\/wp\/wp-content\/uploads\/2022\/10\/image0000001.jpg\" alt=\"\" class=\"wp-image-5277\" srcset=\"http:\/\/coutancestriathlon.fr\/wp\/wp-content\/uploads\/2022\/10\/image0000001.jpg 360w, http:\/\/coutancestriathlon.fr\/wp\/wp-content\/uploads\/2022\/10\/image0000001-150x200.jpg 150w\" sizes=\"auto, (max-width: 360px) 100vw, 360px\" \/><\/figure>\n\n\n\n<figure class=\"wp-block-image size-large\"><img decoding=\"async\" data-id=\"5283\" src=\"http:\/\/coutancestriathlon.fr\/wp\/wp-content\/uploads\/2022\/10\/image000000116-609x1024.jpg\" alt=\"\" class=\"wp-image-5283\"\/><\/figure>\n\n\n\n<figure class=\"wp-block-image size-large\"><img loading=\"lazy\" decoding=\"async\" width=\"1024\" height=\"683\" data-id=\"5278\" src=\"http:\/\/coutancestriathlon.fr\/wp\/wp-content\/uploads\/2022\/10\/image000000117-1024x683.jpg\" alt=\"\" class=\"wp-image-5278\" srcset=\"http:\/\/coutancestriathlon.fr\/wp\/wp-content\/uploads\/2022\/10\/image000000117-1024x683.jpg 1024w, http:\/\/coutancestriathlon.fr\/wp\/wp-content\/uploads\/2022\/10\/image000000117-200x133.jpg 200w, http:\/\/coutancestriathlon.fr\/wp\/wp-content\/uploads\/2022\/10\/image000000117-768x512.jpg 768w, http:\/\/coutancestriathlon.fr\/wp\/wp-content\/uploads\/2022\/10\/image000000117.jpg 1080w\" sizes=\"auto, (max-width: 1024px) 100vw, 1024px\" \/><\/figure>\n<\/figure>\n","protected":false},"excerpt":{"rendered":"<p>Sur le L \u00e9taient engag\u00e9s Yann et Stephane. Sur le M \u00e9tait engag\u00e9 Thibaut, qui termine l&#8217;\u00e9preuve en 2h42 \u00e0 la 77e place au scratch et 19e de sa cat\u00e9gorie. Ci-dessous le CR de Yann. Pour cette nouvelle \u00e9preuve, les inscriptions sont parties comme des petits pains, la com&#8217; a &#8230;<\/p>\n","protected":false},"author":1,"featured_media":5283,"comment_status":"open","ping_status":"open","sticky":false,"template":"","format":"standard","meta":{"_s2mail":"yes","jetpack_post_was_ever_published":false,"_jetpack_newsletter_access":"","_jetpack_dont_email_post_to_subs":false,"_jetpack_newsletter_tier_id":0,"_jetpack_memberships_contains_paywalled_content":false,"_jetpack_memberships_contains_paid_content":false,"footnotes":"","_links_to":"","_links_to_target":""},"categories":[41],"tags":[],"class_list":["post-5276","post","type-post","status-publish","format-standard","has-post-thumbnail","hentry","category-triathlon","column","fourcol","has-thumbnail"],"jetpack_featured_media_url":"http:\/\/coutancestriathlon.fr\/wp\/wp-content\/uploads\/2022\/10\/image000000116-e1664777054276.jpg","jetpack_sharing_enabled":true,"jetpack_shortlink":"https:\/\/wp.me\/p5fTkr-1n6","_links":{"self":[{"href":"http:\/\/coutancestriathlon.fr\/wp\/wp-json\/wp\/v2\/posts\/5276","targetHints":{"allow":["GET"]}}],"collection":[{"href":"http:\/\/coutancestriathlon.fr\/wp\/wp-json\/wp\/v2\/posts"}],"about":[{"href":"http:\/\/coutancestriathlon.fr\/wp\/wp-json\/wp\/v2\/types\/post"}],"author":[{"embeddable":true,"href":"http:\/\/coutancestriathlon.fr\/wp\/wp-json\/wp\/v2\/users\/1"}],"replies":[{"embeddable":true,"href":"http:\/\/coutancestriathlon.fr\/wp\/wp-json\/wp\/v2\/comments?post=5276"}],"version-history":[{"count":1,"href":"http:\/\/coutancestriathlon.fr\/wp\/wp-json\/wp\/v2\/posts\/5276\/revisions"}],"predecessor-version":[{"id":5286,"href":"http:\/\/coutancestriathlon.fr\/wp\/wp-json\/wp\/v2\/posts\/5276\/revisions\/5286"}],"wp:featuredmedia":[{"embeddable":true,"href":"http:\/\/coutancestriathlon.fr\/wp\/wp-json\/wp\/v2\/media\/5283"}],"wp:attachment":[{"href":"http:\/\/coutancestriathlon.fr\/wp\/wp-json\/wp\/v2\/media?parent=5276"}],"wp:term":[{"taxonomy":"category","embeddable":true,"href":"http:\/\/coutancestriathlon.fr\/wp\/wp-json\/wp\/v2\/categories?post=5276"},{"taxonomy":"post_tag","embeddable":true,"href":"http:\/\/coutancestriathlon.fr\/wp\/wp-json\/wp\/v2\/tags?post=5276"}],"curies":[{"name":"wp","href":"https:\/\/api.w.org\/{rel}","templated":true}]}}