{"id":5196,"date":"2022-07-11T09:38:20","date_gmt":"2022-07-11T07:38:20","guid":{"rendered":"http:\/\/coutancestriathlon.fr\/wp\/?p=5196"},"modified":"2022-07-11T09:38:23","modified_gmt":"2022-07-11T07:38:23","slug":"2-duos-au-swimrun-de-tatihou","status":"publish","type":"post","link":"https:\/\/coutancestriathlon.fr\/wp\/2-duos-au-swimrun-de-tatihou\/","title":{"rendered":"2 duos au Swim&#8217;Run de Tatihou"},"content":{"rendered":"\n<blockquote class=\"wp-block-quote is-layout-flow wp-block-quote-is-layout-flow\"><p>A la fin du mois de janvier, lors de notre traditionnelle soir\u00e9e galette des rois (sans galette des rois pour cause de covid), nous nous sommes positionn\u00e9s sur plusieurs comp\u00e9titions, Yann et moi , Vincent et St\u00e9phane d\u00e9cidons de participer au swim run de Tatihou.La date approchant, on commence \u00e0 parler &#8220;\u00e9quipements&#8221;, aucun d&#8217;entre nous n&#8217;a jamais fait ce type d&#8217;\u00e9preuve, on s&#8217;ach\u00e8te ou on emprunte une combi courte, on bricole un pull-boy et on teste la natation avec les chaussures de CAP et la CAP avec le bonnet de bain, les lunettes et les plaquettes, on est bien ridicules mais on assume !Avec Yann, on s&#8217;entra\u00eene 3 fois, dont deux avec la longe, tr\u00e8s g\u00eanante\u00a0en natation. C&#8217;est cool, on nage bien et on court tranquille&#8230;Le jour J, on part tous les quatre avec mon fan club (Martin et Ma\u00ebl) dans la m\u00eame voiture (merci St\u00e9phane), on est large, on pique-nique, on se repose, il fait un temps magnifique, le cadre est idyllique. Vincent est en stress, lui et St\u00e9phane sont inscrits sur le L (23 km de CAP et 5km de natation), ce n&#8217;est pas rien. Moi et yann avons opt\u00e9 pour le version M (surtout moi, 10 km de CAP et 3 km de nat), je ne dis pas grand chose mais je stresse int\u00e9rieurement, Yann me dit qu&#8217;on va faire \u00e7a tranquillement en 2h15-2h30, le but n&#8217;est pas de faire un chrono mais de s&#8217;amuser, \u00e7a me va !Nous laissons St\u00e9phane et Vincent aller \u00e0 leur d\u00e9part au phare de la Hougue \u00e0 15h45 et nous nous rendons \u00e0 la capitainerie pour prendre le bateau et rejoindre l&#8217;\u00eele de Tatihou pour un d\u00e9part \u00e0 16h30. Sur l&#8217;\u00eele, nous voyons les concurrents du L, c&#8217;est vraiment sympa, nous pouvons encourager Steph et Vincent qui ont d\u00e9j\u00e0 l&#8217;air de souffrir&#8230;L&#8217;heure de notre d\u00e9part arrive\u00a0enfin&#8230;On commence par 800 m de CAP et l\u00e0, Yann part &#8220;pleine balle&#8221;, on est attach\u00e9, je n&#8217;ai pas le choix, il faut que je le suive, \u00e0 froid, pas facile, ce n&#8217;est pas vraiment ce qui \u00e9tait pr\u00e9vu mais sa nature de comp\u00e9titeur a repris le dessus, je sens que \u00e7a va \u00eatre difficile pour moi, il faut que je m&#8217;accroche. On arrive dans l&#8217;eau pour 1200m de nat et rejoindre le continent, je suis \u00e0 bout de souffle, Yann s&#8217;arr\u00eate, il perd sa plaquette, \u00e7a m&#8217;arrange, je peux r\u00e9cup\u00e9rer un peu&#8230;On repart, on s&#8217;emm\u00eale avec un autre bin\u00f4me, vraiment p\u00e9nible cette longe, \u00e7a bataille, on se prend des coups de bras, de plaquettes, pas tr\u00e8s agr\u00e9able. On arrive enfin \u00e0 s&#8217;isoler un peu et \u00e0 mieux nager, c&#8217;est plut\u00f4t agr\u00e9able, on avance plut\u00f4t bien. On ressort, Yann repart sur le m\u00eame rythme en CAP, j&#8217;ai envie de lui crier &#8220;eh, ce n&#8217;est pas David C derri\u00e8re toi, c&#8217;est moi Christelle, il va falloir se calmer un peu&#8230;&#8221; mais bon, je m&#8217;accroche, il me tra\u00eene et on double pas mal de bin\u00f4mes, je me dit que la prochaine portion de CAP doit faire 5 km, je vais en &#8220;C&#8230;.&#8221;. On se fait doubler \u00e9norm\u00e9ment en natation par des fus\u00e9es, on n&#8217;en revient pas, je n&#8217;arrive pas \u00e0 nager correctement, j&#8217;ai toujours cette &#8220;ligne de vie&#8221; qui me g\u00eane, je me prends\u00a0dedans un mouvement sur 3, c&#8217;est p\u00e9nible. On repart sur de la course \u00e0 pied, Yann toujours sur le m\u00eame rythme, il commence \u00e0 sentir que \u00e7a tire dans son dos, il me demande si \u00e7a va, j&#8217;ai du mal \u00e0 r\u00e9pondre&#8230;On arrive \u00e0 une intersection, plus de fl\u00e8ches au sol, on part au hasard \u00e0 droite avec 2 autres bin\u00f4mes, Yann conna\u00eet les lieux et se souvient qu&#8217;on doit contourner le camping, on finit par retrouver les fl\u00e8ches, contourner le camping et lorsqu&#8217;on se remet \u00e0 l&#8217;eau, on nous dit qu&#8217;on est 4\u00e8me, c&#8217;est bizarre, aurait-on manqu\u00e9 quelque chose ?? On continue natation\/CAP,\u00a0Martin et Ma\u00ebl\u00a0m&#8217;encouragent, je n&#8217;en peux plus, je n&#8217;ai plus de bras, plus de souffle <img decoding=\"async\" src=\"https:\/\/fonts.gstatic.com\/s\/e\/notoemoji\/14.0\/1f623\/32.png\" alt=\"&#x1f623;\">.On se fait beaucoup doubler en natation, on court sur les murs autour du phare de la Hougue, je suis assez lucide pour me dire que c&#8217;est vraiment magnifique mais je reste concentr\u00e9e, Yann galope et me tra\u00eene, il ne faut pas que je loupe une marche et que je me casse la figure ! On finit finalement en 1 h 51 min , on a plus que d\u00e9pass\u00e9 notre objectif, nous sommes le 13\u00e8me bin\u00f4me, 6\u00e8me mixte. On mange un peu, on se change et on se d\u00e9p\u00eache pour voir l&#8217;arriv\u00e9e de Steph et Vincent, bravo \u00e0 eux, c&#8217;\u00e9tait un sacr\u00e9 challenge et je pense qu&#8217;il sera difficile de traiter Vincent\u00a0de &#8220;p&#8217;tit slip&#8221; apr\u00e8s \u00e7a\u00a0<img decoding=\"async\" src=\"https:\/\/fonts.gstatic.com\/s\/e\/notoemoji\/14.0\/1f609\/32.png\" alt=\"&#x1f609;\">\u00a0!On assiste aux podiums des championnats de France\u00a0pour l&#8217;\u00e9preuve L, La Marseillaise pour les premiers, \u00e7a donne des frissons, c&#8217;est vraiment chouette. Puis les podiums du M, on part tranquillement pour aller boire une petite bi\u00e8re quand, tout \u00e0 coup, Yann et moi sommes appel\u00e9s sur le podium pour la 2\u00e8me place du championnat de normandie, on n&#8217;\u00e9tait pas au courant&#8230;C&#8217;est la petite cerise sur le g\u00e2teau ! Merci \u00e0 Yann, sans lui, c&#8217;est s\u00fbr que j&#8217;aurais couru beaucoup moins vite, j&#8217;ai trouv\u00e9 cette \u00e9preuve difficile mais je suis vraiment\u00a0heureuse d&#8217;avoir\u00a0pu y participer.<\/p><p>Christelle.<\/p><\/blockquote>\n\n\n\n<figure class=\"wp-block-gallery has-nested-images columns-default is-cropped wp-block-gallery-1 is-layout-flex wp-block-gallery-is-layout-flex\">\n<figure class=\"wp-block-image size-large\"><img loading=\"lazy\" decoding=\"async\" width=\"1536\" height=\"2048\" data-id=\"5198\" src=\"http:\/\/coutancestriathlon.fr\/wp\/wp-content\/uploads\/2022\/07\/WhatsApp-Image-2022-07-09-at-20.20.18.jpeg\" alt=\"\" class=\"wp-image-5198\" srcset=\"https:\/\/coutancestriathlon.fr\/wp\/wp-content\/uploads\/2022\/07\/WhatsApp-Image-2022-07-09-at-20.20.18.jpeg 1536w, https:\/\/coutancestriathlon.fr\/wp\/wp-content\/uploads\/2022\/07\/WhatsApp-Image-2022-07-09-at-20.20.18-150x200.jpeg 150w, https:\/\/coutancestriathlon.fr\/wp\/wp-content\/uploads\/2022\/07\/WhatsApp-Image-2022-07-09-at-20.20.18-768x1024.jpeg 768w, https:\/\/coutancestriathlon.fr\/wp\/wp-content\/uploads\/2022\/07\/WhatsApp-Image-2022-07-09-at-20.20.18-1152x1536.jpeg 1152w\" sizes=\"auto, (max-width: 1536px) 100vw, 1536px\" \/><figcaption>Podium pour Christelle et Yann<\/figcaption><\/figure>\n\n\n\n<figure class=\"wp-block-image size-large\"><img loading=\"lazy\" decoding=\"async\" width=\"1536\" height=\"2048\" data-id=\"5199\" src=\"http:\/\/coutancestriathlon.fr\/wp\/wp-content\/uploads\/2022\/07\/WhatsApp-Image-2022-07-09-at-20.47.04.jpeg\" alt=\"\" class=\"wp-image-5199\" srcset=\"https:\/\/coutancestriathlon.fr\/wp\/wp-content\/uploads\/2022\/07\/WhatsApp-Image-2022-07-09-at-20.47.04.jpeg 1536w, https:\/\/coutancestriathlon.fr\/wp\/wp-content\/uploads\/2022\/07\/WhatsApp-Image-2022-07-09-at-20.47.04-150x200.jpeg 150w, https:\/\/coutancestriathlon.fr\/wp\/wp-content\/uploads\/2022\/07\/WhatsApp-Image-2022-07-09-at-20.47.04-768x1024.jpeg 768w, https:\/\/coutancestriathlon.fr\/wp\/wp-content\/uploads\/2022\/07\/WhatsApp-Image-2022-07-09-at-20.47.04-1152x1536.jpeg 1152w\" sizes=\"auto, (max-width: 1536px) 100vw, 1536px\" \/><figcaption>Regardez le sourire du pr\u00e9sident. <\/figcaption><\/figure>\n<\/figure>\n","protected":false},"excerpt":{"rendered":"<p>A la fin du mois de janvier, lors de notre traditionnelle soir\u00e9e galette des rois (sans galette des rois pour cause de covid), nous nous sommes positionn\u00e9s sur plusieurs comp\u00e9titions, Yann et moi , Vincent et St\u00e9phane d\u00e9cidons de participer au swim run de Tatihou.La date approchant, on commence \u00e0 &#8230;<\/p>\n","protected":false},"author":1,"featured_media":5197,"comment_status":"open","ping_status":"open","sticky":false,"template":"","format":"standard","meta":{"_s2mail":"","jetpack_post_was_ever_published":false,"_jetpack_newsletter_access":"","_jetpack_dont_email_post_to_subs":false,"_jetpack_newsletter_tier_id":0,"_jetpack_memberships_contains_paywalled_content":false,"_jetpack_memberships_contains_paid_content":false,"footnotes":"","_links_to":"","_links_to_target":""},"categories":[1],"tags":[],"class_list":["post-5196","post","type-post","status-publish","format-standard","has-post-thumbnail","hentry","category-uncategorized","column","fourcol","has-thumbnail"],"jetpack_featured_media_url":"https:\/\/coutancestriathlon.fr\/wp\/wp-content\/uploads\/2022\/07\/WhatsApp-Image-2022-07-09-at-20.05.28-e1657524966173.jpeg","jetpack_sharing_enabled":true,"jetpack_shortlink":"https:\/\/wp.me\/p5fTkr-1lO","_links":{"self":[{"href":"https:\/\/coutancestriathlon.fr\/wp\/wp-json\/wp\/v2\/posts\/5196","targetHints":{"allow":["GET"]}}],"collection":[{"href":"https:\/\/coutancestriathlon.fr\/wp\/wp-json\/wp\/v2\/posts"}],"about":[{"href":"https:\/\/coutancestriathlon.fr\/wp\/wp-json\/wp\/v2\/types\/post"}],"author":[{"embeddable":true,"href":"https:\/\/coutancestriathlon.fr\/wp\/wp-json\/wp\/v2\/users\/1"}],"replies":[{"embeddable":true,"href":"https:\/\/coutancestriathlon.fr\/wp\/wp-json\/wp\/v2\/comments?post=5196"}],"version-history":[{"count":2,"href":"https:\/\/coutancestriathlon.fr\/wp\/wp-json\/wp\/v2\/posts\/5196\/revisions"}],"predecessor-version":[{"id":5201,"href":"https:\/\/coutancestriathlon.fr\/wp\/wp-json\/wp\/v2\/posts\/5196\/revisions\/5201"}],"wp:featuredmedia":[{"embeddable":true,"href":"https:\/\/coutancestriathlon.fr\/wp\/wp-json\/wp\/v2\/media\/5197"}],"wp:attachment":[{"href":"https:\/\/coutancestriathlon.fr\/wp\/wp-json\/wp\/v2\/media?parent=5196"}],"wp:term":[{"taxonomy":"category","embeddable":true,"href":"https:\/\/coutancestriathlon.fr\/wp\/wp-json\/wp\/v2\/categories?post=5196"},{"taxonomy":"post_tag","embeddable":true,"href":"https:\/\/coutancestriathlon.fr\/wp\/wp-json\/wp\/v2\/tags?post=5196"}],"curies":[{"name":"wp","href":"https:\/\/api.w.org\/{rel}","templated":true}]}}